{"id":6042,"date":"2020-07-01T13:00:00","date_gmt":"2020-07-01T16:00:00","guid":{"rendered":"https:\/\/www.irbre.com\/es\/irb-brasil-re-anuncia-a-hugo-daniel-castillo-como-noveno-miembro-de-la-junta-de-administracion\/"},"modified":"2023-05-09T14:48:05","modified_gmt":"2023-05-09T17:48:05","slug":"irb-brasil-re-anuncia-a-hugo-daniel-castillo-como-noveno-miembro-de-la-junta-de-administracion","status":"publish","type":"post","link":"https:\/\/www.irbre.com\/es\/irb-brasil-re-anuncia-a-hugo-daniel-castillo-como-noveno-miembro-de-la-junta-de-administracion\/","title":{"rendered":"IRB Brasil RE anuncia a Hugo Daniel Castillo como noveno miembro de la Junta de Administraci\u00f3n"},"content":{"rendered":"<p style=\"text-align:justify;\">IRB Brasil RE anunci\u00f3 hoy, el 01\/07, en Comunicaci\u00f3n al Mercado, a Hugo Daniel Castillo como el noveno miembro de la Junta de Administraci\u00f3n de la compa\u00f1\u00eda. La indicaci\u00f3n se ha confirmado ayer en la noche y su elecci\u00f3n se ha incluido en el orden del d\u00eda de la Asamblea General Ordinaria y Extraordinaria de IRB Brasil RE, convocada para el 31\/07. La ampliaci\u00f3n del n\u00famero m\u00e1ximo de miembros que pueden componer la Junta, de ocho a nueve, fue aprobada en la \u00faltima Asamblea General Extraordinaria, el 23\/06.<\/p>\n<p style=\"text-align:justify;\">&nbsp;<\/p>\n<p style=\"text-align:justify;\">Luego de la elecci\u00f3n de Hugo Castillo, la Junta de Administraci\u00f3n de IRB se compondr\u00e1 de nueve integrantes, siendo ocho independientes. Ellos son: Ant\u00f4nio C\u00e1ssio dos Santos \u2013 Presidente; Regina Helena Jorge Nunes \u2013 Titular (independiente); Henrique Jos\u00e9 Fernades Luz \u2013 Titular (independiente); Marcos Pessoa de Queiroz Falc\u00e3o \u2013 Titular (independiente); Marcos Bastos Rocha \u2013 Titular (independiente); Roberto Dagnoni \u2013 Titular (independiente); Ellen Gracie Northfleet \u2013 Titular (independiente, aguardando posesi\u00f3n) y Hugo Daniel Castillo (independiente, sujeto a la elecci\u00f3n en la AGOE).<\/p>\n<p style=\"text-align:justify;\">&nbsp;<\/p>\n<p style=\"text-align:justify;\">Castillo tiene una trayectoria de cuatro d\u00e9cadas en el sector de reaseguros, habiendo, en los \u00faltimos a\u00f1os, desarrollado la carrera en General RE Argentina, donde trabajaba como P&amp;C Regional Officer para Latinoam\u00e9rica, Espa\u00f1a y Portugal. Tambi\u00e9n ha sido miembro ejecutivo de la Junta de Administraci\u00f3n de dicha General RE Argentina y vicepresidente ejecutivo responsable del \u00e1rea de contratos P&amp;C para Europa Continental, Medio Oriente, Sud\u00e1frica y Latinoam\u00e9rica. Antes, tuvo responsabilidades del desarrollo de las oficinas de la compa\u00f1\u00eda en ciudades como Paris, Madrid, Mosc\u00fa, S\u00e3o Paulo y Buenos Aires y fue presidente de General RE M\u00e9xico. El nuevo consejero de IRB pas\u00f3 tambi\u00e9n por Munich RE Canad\u00e1, Bradesco Seguros y Sul Am\u00e9rica.<\/p>\n<p style=\"text-align:justify;\">&nbsp;<\/p>\n<p style=\"text-align:justify;\">\u00abHugo es un profesional de largu\u00edsima experiencia, con una vida dedicada a la actividad espec\u00edfica de Reaseguros, en Brasil, Latinoam\u00e9rica y Europa. Por cierto, colaborar\u00e1 mucho a la formulaci\u00f3n de nuestra estrategia regional de Re-Underwriting y Apetito de Riesgo\u00bb, dice el presidente de la Junta de Administraci\u00f3n y CEO de IRB, Antonio Cassio dos Santos.<\/p>\n<p style=\"text-align:justify;\">&nbsp;<\/p>\n<p style=\"text-align:justify;\"><strong>Isabel Bl\u00e1zquez Solano &#8211;&nbsp;<\/strong>IRB Brasil RE tambi\u00e9n confirm\u00f3 la promoci\u00f3n, anunciada en abril, de Isabel Bl\u00e1zquez Solano, la vicepresidente estatutaria de Reaseguros. El nuevo puesto de la ejecutiva ha sido refrendado por los cambios a los estatutos de la compa\u00f1\u00eda aprobados en la Asamblea General Extraordinaria del 23\/06. &nbsp;La posesi\u00f3n todav\u00eda depende de las aprobaciones reglamentarias de Susep.<\/p>\n<p style=\"text-align:justify;\">&nbsp;<\/p>\n<p style=\"text-align:justify;\">Isabel est\u00e1 en IRB Brasil RE desde 2013, habiendo trabajado como directora de Suscripci\u00f3n, de Property &amp; Casualty Internacional, de Petr\u00f3leo y Gas y de Retrocesi\u00f3n de la compa\u00f1\u00eda. Tambi\u00e9n paso por Mapfre RE en Alemania y Espa\u00f1a.<\/p>\n<p style=\"text-align:justify;\">&nbsp;<\/p>\n<p style=\"text-align:justify;\">\u00abCon la indicaci\u00f3n de la joven Isabel a dicho puesto, ratificamos nuestro compromiso a la Diversidad e Inclusi\u00f3n\u00bb, complet\u00f3 Cassio.<\/p>\n","protected":false},"excerpt":{"rendered":"<p>Elecci\u00f3n ocurrir\u00e1 en la AGOE, programada para el 31\/07. Reasegurador tambi\u00e9n confirm\u00f3 el nombre de Isabel Bl\u00e1zquez Solano como vicepresidente estatutaria de Reaseguros<\/p>\n","protected":false},"author":5,"featured_media":7211,"comment_status":"open","ping_status":"open","sticky":false,"template":"","format":"standard","meta":{"_acf_changed":false,"footnotes":""},"categories":[57],"tags":[],"class_list":["post-6042","post","type-post","status-publish","format-standard","has-post-thumbnail","hentry","category-institucional-es"],"acf":[],"_links":{"self":[{"href":"https:\/\/www.irbre.com\/es\/wp-json\/wp\/v2\/posts\/6042","targetHints":{"allow":["GET"]}}],"collection":[{"href":"https:\/\/www.irbre.com\/es\/wp-json\/wp\/v2\/posts"}],"about":[{"href":"https:\/\/www.irbre.com\/es\/wp-json\/wp\/v2\/types\/post"}],"author":[{"embeddable":true,"href":"https:\/\/www.irbre.com\/es\/wp-json\/wp\/v2\/users\/5"}],"replies":[{"embeddable":true,"href":"https:\/\/www.irbre.com\/es\/wp-json\/wp\/v2\/comments?post=6042"}],"version-history":[{"count":0,"href":"https:\/\/www.irbre.com\/es\/wp-json\/wp\/v2\/posts\/6042\/revisions"}],"wp:featuredmedia":[{"embeddable":true,"href":"https:\/\/www.irbre.com\/es\/wp-json\/wp\/v2\/media\/7211"}],"wp:attachment":[{"href":"https:\/\/www.irbre.com\/es\/wp-json\/wp\/v2\/media?parent=6042"}],"wp:term":[{"taxonomy":"category","embeddable":true,"href":"https:\/\/www.irbre.com\/es\/wp-json\/wp\/v2\/categories?post=6042"},{"taxonomy":"post_tag","embeddable":true,"href":"https:\/\/www.irbre.com\/es\/wp-json\/wp\/v2\/tags?post=6042"}],"curies":[{"name":"wp","href":"https:\/\/api.w.org\/{rel}","templated":true}]}}