{"id":6030,"date":"2020-03-25T23:00:00","date_gmt":"2020-03-26T02:00:00","guid":{"rendered":"https:\/\/www.irbre.com\/es\/irb-cancela-ago-e-en-razon-de-las-restricciones-impuestas-por-la-covid-19\/"},"modified":"2023-05-09T15:11:13","modified_gmt":"2023-05-09T18:11:13","slug":"irb-cancela-ago-e-en-razon-de-las-restricciones-impuestas-por-la-covid-19","status":"publish","type":"post","link":"https:\/\/www.irbre.com\/es\/irb-cancela-ago-e-en-razon-de-las-restricciones-impuestas-por-la-covid-19\/","title":{"rendered":"IRB cancela AGO\/E en raz\u00f3n de las restricciones impuestas por la covid-19"},"content":{"rendered":"<p style=\"text-align:justify;\">IRB Brasil RE cancel\u00f3 este mi\u00e9rcoles, 25, la convocatoria de la Asamblea General Ordinaria y Extraordinaria de accionistas programada para el pr\u00f3ximo 30. La decisi\u00f3n ha sido tomada en raz\u00f3n de las restricciones de desplazamiento y aglomeraci\u00f3n impuestas por las autoridades en virtud de la pandemia de covid-19. La asamblea se hab\u00eda convocado el 27\/02 y una nueva fecha se definir\u00e1 y divulgar\u00e1 oportunamente a trav\u00e9s de llamado.<\/p>\n<p style=\"text-align:justify;\">\n<p style=\"text-align:justify;\">La compa\u00f1\u00eda promovi\u00f3 recientemente relevantes cambios en la estructura de administraci\u00f3n, incluso con la sustituci\u00f3n de todos los integrantes de su Junta Estatutaria. Tambi\u00e9n anunci\u00f3 la indicaci\u00f3n del nuevo presidente de la Junta de Administraci\u00f3n, que se elegir\u00e1 este viernes (27\/03).<\/p>\n<p style=\"text-align:justify;\">\n<p style=\"text-align:justify;\">\u00abDesde el punto de vista de gobernanza corporativa y diligencia, es oportuno y recomendable que los nuevos administradores tengan la oportunidad para comprometerse con la propuesta de la administraci\u00f3n y de profundizarse en los asuntos de la compa\u00f1\u00eda, incluso los que se deliberar\u00e1n en la AGO\/E, especialmente para hacer posibles clarificaciones a los accionistas\u00bb, afirm\u00f3 la compa\u00f1\u00eda en divulgaci\u00f3n encaminada a la CVM este mi\u00e9rcoles.<\/p>\n<p style=\"text-align:justify;\">\n<p style=\"text-align:justify;\">La Junta de Administraci\u00f3n de IRB recomend\u00f3 a la nueva Junta Estatutaria que, considerando el momento actual, se reeval\u00fae la propuesta de distribuci\u00f3n de dividendos, para su posterior revisi\u00f3n, principalmente en raz\u00f3n de la incertitud de los escenarios, resultante del empeoramiento de la crisis en virtud de la covid-19 los \u00faltimos d\u00edas\u00bb. Adem\u00e1s, la remuneraci\u00f3n de los administradores, que no tendr\u00e1 m\u00e1s el bono llamado \u00abPrograma de Superaci\u00f3n\u00bb, y las indicaciones a la composici\u00f3n de la Junta de Administraci\u00f3n y del Consejo Fiscal tambi\u00e9n se revisar\u00e1n seg\u00fan la nueva propuesta d a los accionistas.<\/p>\n<p style=\"text-align:justify;\">\n<p style=\"text-align:justify;\">La compa\u00f1\u00eda tambi\u00e9n recibi\u00f3, el martes, 24, en la noche, la renuncia del consejero Pedro Guimar\u00e3es, presidente de Caixa Econ\u00f4mica Federal, del puesto de miembro titular del Consejo de Administraci\u00f3n. El viernes, 27, se realizar\u00e1 la Asamblea General Extraordinaria con el \u00fanico \u00edtem del orden del d\u00eda la elecci\u00f3n de Ant\u00f4nio C\u00e1ssio dos Santos al puesto de presidente del Consejo de Administraci\u00f3n, ya indicado previamente por el Gobierno Federal, en la calidad de titular de la acci\u00f3n preferente de clase especial (golden share).<\/p>\n","protected":false},"excerpt":{"rendered":"<p>La asamblea se hab\u00eda convocado el 27\/02 y una nueva fecha se definir\u00e1 y divulgar\u00e1 oportunamente a trav\u00e9s de llamado<\/p>\n","protected":false},"author":5,"featured_media":7211,"comment_status":"open","ping_status":"open","sticky":false,"template":"","format":"standard","meta":{"_acf_changed":false,"footnotes":""},"categories":[57],"tags":[],"class_list":["post-6030","post","type-post","status-publish","format-standard","has-post-thumbnail","hentry","category-institucional-es"],"acf":[],"_links":{"self":[{"href":"https:\/\/www.irbre.com\/es\/wp-json\/wp\/v2\/posts\/6030","targetHints":{"allow":["GET"]}}],"collection":[{"href":"https:\/\/www.irbre.com\/es\/wp-json\/wp\/v2\/posts"}],"about":[{"href":"https:\/\/www.irbre.com\/es\/wp-json\/wp\/v2\/types\/post"}],"author":[{"embeddable":true,"href":"https:\/\/www.irbre.com\/es\/wp-json\/wp\/v2\/users\/5"}],"replies":[{"embeddable":true,"href":"https:\/\/www.irbre.com\/es\/wp-json\/wp\/v2\/comments?post=6030"}],"version-history":[{"count":0,"href":"https:\/\/www.irbre.com\/es\/wp-json\/wp\/v2\/posts\/6030\/revisions"}],"wp:featuredmedia":[{"embeddable":true,"href":"https:\/\/www.irbre.com\/es\/wp-json\/wp\/v2\/media\/7211"}],"wp:attachment":[{"href":"https:\/\/www.irbre.com\/es\/wp-json\/wp\/v2\/media?parent=6030"}],"wp:term":[{"taxonomy":"category","embeddable":true,"href":"https:\/\/www.irbre.com\/es\/wp-json\/wp\/v2\/categories?post=6030"},{"taxonomy":"post_tag","embeddable":true,"href":"https:\/\/www.irbre.com\/es\/wp-json\/wp\/v2\/tags?post=6030"}],"curies":[{"name":"wp","href":"https:\/\/api.w.org\/{rel}","templated":true}]}}