{"id":6028,"date":"2020-03-16T16:00:00","date_gmt":"2020-03-16T19:00:00","guid":{"rendered":"https:\/\/www.irbre.com\/es\/antonio-cassio-dos-santos-asume-el-puesto-de-ceo-de-irb-brasil-re\/"},"modified":"2023-05-09T15:13:50","modified_gmt":"2023-05-09T18:13:50","slug":"antonio-cassio-dos-santos-asume-el-puesto-de-ceo-de-irb-brasil-re","status":"publish","type":"post","link":"https:\/\/www.irbre.com\/es\/antonio-cassio-dos-santos-asume-el-puesto-de-ceo-de-irb-brasil-re\/","title":{"rendered":"Ant\u00f4nio C\u00e1ssio dos Santos asume el puesto de CEO de IRB Brasil RE"},"content":{"rendered":"<p><span style=\"text-align:justify;\">El Consejo de Administraci\u00f3n de IRB Brasil RE eligi\u00f3 este lunes, 16, a Ant\u00f4nio C\u00e1ssio dos Santos para ocupar interinamente el puesto de CEO de la compa\u00f1\u00eda. La decisi\u00f3n es v\u00e1lida por el plazo de hasta un a\u00f1o, seg\u00fan las reglas de la Reglamentaci\u00f3n del Nuevo Mercado. Durante este per\u00edodo, Ant\u00f4nio C\u00e1ssio ser\u00e1 responsable principalmente de seguir con las operaciones, reafirmando la competencia y capacidad t\u00e9cnica de IRB Brasil RE ya reconocidas por el mercado.<\/span><\/p>\n<p><span style=\"text-align:justify;\"><br \/>\n<\/span><\/p>\n<p style=\"text-align:justify;\">Adem\u00e1s, el ejecutivo promover\u00e1 una reorganizaci\u00f3n interna con el objeto de mejorar todav\u00eda m\u00e1s los niveles de gobernanza. \u00abNuestro objeto es entregar un servicio suprior a los clientes y asociados de negocio, as\u00ed como ser la vanguardia de la innovaci\u00f3n del mercado en productos y procesos\u00bb, dice C\u00e1ssio.<\/p>\n<p style=\"text-align:justify;\">\n<p style=\"text-align:justify;\">Ant\u00f4nio C\u00e1ssio ya se hab\u00eda indicado por el Gobierno Federal, titular de la acci\u00f3n preferente de clase especial (golden share) de la compa\u00f1\u00eda, al puesto de presidente del Consejo de Administraci\u00f3n, debiendo elegirse a dicho puesto en la Asamblea General Extraordinaria de Accionistas, ya convocada para el 27\/03. As\u00ed, acumular\u00e1 ambas funciones por el periodo m\u00e1ximo de hasta un a\u00f1o. Durante este tiempo, la compa\u00f1\u00eda se dedicar\u00e1 a encontrar a un ejecutivo para ejercer las funciones de CEO definitivamente.<\/p>\n<p style=\"text-align:justify;\">\n<p style=\"text-align:justify;\">Ant\u00f4nio C\u00e1ssio tiene larga experiencia en el liderazgo de reestructuraciones y turnarounds, habiendo comandado diferentes proyectos a lo largo de su carrera en Brasil y en el extranjero. \u00abIRB Brasil RE es una compa\u00f1\u00eda s\u00f3lida, de alta calidad t\u00e9cnica, respetada por el mercado segurador latinoamericano y mundial. Es mi responsabilidad administrar la compa\u00f1\u00eda en este per\u00edodo de manera que la lleve al siguiente nivel, sin prisa, pero sin paradas\u00bb, dice C\u00e1ssio.<\/p>\n<p style=\"text-align:justify;\">\n<p style=\"text-align:justify;\">CEO Am\u00e9ricas y Sur de Europa de Grupo Generali Italia los \u00faltimos cinco a\u00f1os, inmediatamente antes de su llegada a IRB Brasil RE, Ant\u00f4nio C\u00e1ssio tiene m\u00e1s de 30 a\u00f1os de experiencia en el \u00e1rea de seguros. Antes de Generali, fue presidente regional y CEO Latinoam\u00e9rica de la seguradora Zurich y presidente y CEO de Grupo Mapfre Brasil Seguros, adem\u00e1s de haber sido CFO (RAS Brasil) de Grupo Allianz. Tiene MBA de la Universidad de Vanderbilt, de Tennessee (EE. UU.), as\u00ed como del Ibmec-SP. Es experto en Asuntos Latinoamericanos por la escuela de negocios de la Universidad Vanderbilt y tambi\u00e9n tiene una post-maestr\u00eda en Negocios Globales por IESE Madrid.<\/p>\n<p style=\"text-align:justify;\">\n<p style=\"text-align:justify;\">El puesto de CEO se estaba acumulando interinamente por el vicepresidente Ejecutivo, Financiero y de Relaciones con Inversores de IRB Brasil RE, Werner S\u00fcffert.<\/p>\n","protected":false},"excerpt":{"rendered":"<p>Ejecutivo ser\u00e1 responsable principalmente de seguir con las operaciones, reafirmando la competencia y capacidad t\u00e9cnica de la compa\u00f1\u00eda<\/p>\n","protected":false},"author":5,"featured_media":7211,"comment_status":"open","ping_status":"open","sticky":false,"template":"","format":"standard","meta":{"_acf_changed":false,"footnotes":""},"categories":[57],"tags":[],"class_list":["post-6028","post","type-post","status-publish","format-standard","has-post-thumbnail","hentry","category-institucional-es"],"acf":[],"_links":{"self":[{"href":"https:\/\/www.irbre.com\/es\/wp-json\/wp\/v2\/posts\/6028","targetHints":{"allow":["GET"]}}],"collection":[{"href":"https:\/\/www.irbre.com\/es\/wp-json\/wp\/v2\/posts"}],"about":[{"href":"https:\/\/www.irbre.com\/es\/wp-json\/wp\/v2\/types\/post"}],"author":[{"embeddable":true,"href":"https:\/\/www.irbre.com\/es\/wp-json\/wp\/v2\/users\/5"}],"replies":[{"embeddable":true,"href":"https:\/\/www.irbre.com\/es\/wp-json\/wp\/v2\/comments?post=6028"}],"version-history":[{"count":0,"href":"https:\/\/www.irbre.com\/es\/wp-json\/wp\/v2\/posts\/6028\/revisions"}],"wp:featuredmedia":[{"embeddable":true,"href":"https:\/\/www.irbre.com\/es\/wp-json\/wp\/v2\/media\/7211"}],"wp:attachment":[{"href":"https:\/\/www.irbre.com\/es\/wp-json\/wp\/v2\/media?parent=6028"}],"wp:term":[{"taxonomy":"category","embeddable":true,"href":"https:\/\/www.irbre.com\/es\/wp-json\/wp\/v2\/categories?post=6028"},{"taxonomy":"post_tag","embeddable":true,"href":"https:\/\/www.irbre.com\/es\/wp-json\/wp\/v2\/tags?post=6028"}],"curies":[{"name":"wp","href":"https:\/\/api.w.org\/{rel}","templated":true}]}}