{"id":10566,"date":"2025-07-04T09:12:54","date_gmt":"2025-07-04T12:12:54","guid":{"rendered":"https:\/\/www.irbre.com\/?p=10566"},"modified":"2025-07-18T10:30:13","modified_gmt":"2025-07-18T13:30:13","slug":"2o-foro-irbpd-debatira-transferencia-de-riesgos-e-innovacion","status":"publish","type":"post","link":"https:\/\/www.irbre.com\/es\/2o-foro-irbpd-debatira-transferencia-de-riesgos-e-innovacion\/","title":{"rendered":"2\u00ba Foro IRB(P&#038;D) debatir\u00e1 transferencia de riesgos e innovaci\u00f3n"},"content":{"rendered":"<p><em>Evento reunir\u00e1 a representantes del mercado de seguros y reaseguros, del sector p\u00fablico y especialistas de Brasil y del extranjero en agosto, en R\u00edo<\/em><\/p>\n<p>IRB(P&amp;D), \u00e1rea de IRB(Re) con dedicaci\u00f3n exclusiva a la investigaci\u00f3n y al desarrollo, promueve el 6 de agosto, en R\u00edo de Janeiro, el 2\u00ba Foro IRB(P&amp;D). Con el tema \u00abTransferencia de riesgos: estrategias e innovaciones\u00bb, el evento reunir\u00e1 a representantes del mercado de seguros y reaseguros, del sector p\u00fablico y especialistas de Brasil y del extranjero.<\/p>\n<p>\u201cUna vez m\u00e1s, el foro permitir\u00e1 el intercambio de ideas y el debate entre l\u00edderes de los sectores p\u00fablico y privado. Esta cooperaci\u00f3n es importante para buscar soluciones que satisfagan a la sociedad. Temas complejos, como el cambio clim\u00e1tico y la transferencia de riesgos, requieren atenci\u00f3n y dedicaci\u00f3n. Son temas que generan un gran desaf\u00edo. El conocimiento es fundamental para la correcta transferencia de riesgos. Y sin transferencia de riesgos, el desarrollo econ\u00f3mico de nuestro pa\u00eds se ve limitado\u201d, afirma Marcos Falc\u00e3o, CEO de IRB(Re).<\/p>\n<p>\u201cEl a\u00f1o pasado, en el 1er Foro IRB(P&amp;D), el enfoque estuvo en los riesgos clim\u00e1ticos y desastres naturales. En 2025, la agenda sigue contemplando la evaluaci\u00f3n de riesgos clim\u00e1ticos, pero se expande para incluir innovaciones y nuevos mecanismos de transferencia de riesgo, como, por ejemplo, las aplicaciones de inteligencia artificial en la fijaci\u00f3n de precios y el an\u00e1lisis de seguros y reaseguros. Queremos discutir formas de ofrecer una protecci\u00f3n m\u00e1s amplia, sin perder de vista la centralidad de la cuesti\u00f3n clim\u00e1tica\u00bb, explica Eduarda de La Rocque, directora de Controles Internos, Riesgos y Conformidad de IRB(Re), responsable de IRB(P&amp;D).<\/p>\n<p>Por segundo a\u00f1o consecutivo, el foro cuenta con el apoyo de la Confederaci\u00f3n Nacional de Aseguradoras (CNseg, su sigla en portugu\u00e9s). Dyogo Oliveira, presidente de la entidad destaca la importancia de que los diferentes sectores compartan sus visiones: \u201cAl reunir temas como innovaci\u00f3n, inteligencia artificial y resiliencia frente a eventos extremos, el 2\u00ba Foro contribuye de manera concreta al fortalecimiento del mercado de seguros como agente estrat\u00e9gico de sostenibilidad y estabilidad econ\u00f3mica. Debatir riesgos y proponer caminos es lo que nos permite transformar incertidumbres en oportunidades\u201d.<\/p>\n<p>Abierto solo para invitados, el 2\u00ba Foro IRB(P&amp;D) reunir\u00e1 nombres como Frederik Bisbjerg, vicepresidente de eData Information; Simon Solvsten, del Centro Europeo de Estudios en Riesgo y Resiliencia de la Universidad del Sur de Dinamarca; Stuart Calam, l\u00edder de investigaci\u00f3n en Riesgos Tecnol\u00f3gicos de WTW Research Network; St\u00e9phane Loisel, titular de la C\u00e1tedra en Ciencias Actuariales y Riesgos de CNAM Par\u00eds\/Lirsa; y Anderson Ribeiro Correia, presidente del Instituto de Investigaciones Tecnol\u00f3gicas (IPT).<\/p>\n<p>Tambi\u00e9n contar\u00e1 con la participaci\u00f3n de representantes de CNseg, Susep, Ministerio de Hacienda, Banco Mundial, BID, Bradesco Seguros, Brasilseg, Tokio Marine y Pottencial Seguros, entre otras instituciones y empresas. Consulte la cobertura completa aqu\u00ed en el sitio del IRB(Re) y en nuestros perfiles en las redes sociales.<\/p>\n","protected":false},"excerpt":{"rendered":"<p>Evento reunir\u00e1 a representantes del mercado de seguros y reaseguros, del sector p\u00fablico y especialistas de Brasil y del extranjero en agosto, en R\u00edo IRB(P&amp;D), \u00e1rea de IRB(Re) con dedicaci\u00f3n exclusiva a la investigaci\u00f3n y al desarrollo, promueve el 6 de agosto, en R\u00edo de Janeiro, el 2\u00ba Foro IRB(P&amp;D). Con el tema \u00abTransferencia de [&hellip;]<\/p>\n","protected":false},"author":5,"featured_media":10536,"comment_status":"open","ping_status":"open","sticky":false,"template":"","format":"standard","meta":{"_acf_changed":false,"footnotes":""},"categories":[78],"tags":[],"class_list":["post-10566","post","type-post","status-publish","format-standard","has-post-thumbnail","hentry","category-irbpd-es"],"acf":[],"_links":{"self":[{"href":"https:\/\/www.irbre.com\/es\/wp-json\/wp\/v2\/posts\/10566","targetHints":{"allow":["GET"]}}],"collection":[{"href":"https:\/\/www.irbre.com\/es\/wp-json\/wp\/v2\/posts"}],"about":[{"href":"https:\/\/www.irbre.com\/es\/wp-json\/wp\/v2\/types\/post"}],"author":[{"embeddable":true,"href":"https:\/\/www.irbre.com\/es\/wp-json\/wp\/v2\/users\/5"}],"replies":[{"embeddable":true,"href":"https:\/\/www.irbre.com\/es\/wp-json\/wp\/v2\/comments?post=10566"}],"version-history":[{"count":1,"href":"https:\/\/www.irbre.com\/es\/wp-json\/wp\/v2\/posts\/10566\/revisions"}],"predecessor-version":[{"id":10567,"href":"https:\/\/www.irbre.com\/es\/wp-json\/wp\/v2\/posts\/10566\/revisions\/10567"}],"wp:featuredmedia":[{"embeddable":true,"href":"https:\/\/www.irbre.com\/es\/wp-json\/wp\/v2\/media\/10536"}],"wp:attachment":[{"href":"https:\/\/www.irbre.com\/es\/wp-json\/wp\/v2\/media?parent=10566"}],"wp:term":[{"taxonomy":"category","embeddable":true,"href":"https:\/\/www.irbre.com\/es\/wp-json\/wp\/v2\/categories?post=10566"},{"taxonomy":"post_tag","embeddable":true,"href":"https:\/\/www.irbre.com\/es\/wp-json\/wp\/v2\/tags?post=10566"}],"curies":[{"name":"wp","href":"https:\/\/api.w.org\/{rel}","templated":true}]}}